{"id":1301,"date":"2023-11-29T10:54:48","date_gmt":"2023-11-29T10:54:48","guid":{"rendered":"https:\/\/ascymru.org.uk\/?p=1301"},"modified":"2025-12-18T12:44:16","modified_gmt":"2025-12-18T12:44:16","slug":"blog-myfyrdod-ar-y-rol-y-mae-hawliau-dynol-yn-ei-chwarae-mewn-practis-eiriolaeth-annibynnol-2","status":"publish","type":"post","link":"https:\/\/ascymru.org.uk\/cy\/blog-myfyrdod-ar-y-rol-y-mae-hawliau-dynol-yn-ei-chwarae-mewn-practis-eiriolaeth-annibynnol-2\/","title":{"rendered":"Blog: Cynhadledd Eiriolaeth Genedlaethol 2023 \u2013 Bod yn rhan o rywbeth arbennig, p\u0175er yr Eiriolwr"},"content":{"rendered":"\n\n\t<p><em>Dyma Rhiannydd Edwards (2il ar y chwith yn y llun gr\u0175p), Eiriolwr Iechyd Meddwl Annibynnol yn Advocacy Support Cymru (ASC), Caerdydd yn s\u00f4n am ei phrofiadau yn y digwyddiad deuddydd<\/em><\/p>\n<p>Daeth eiriolwyr o bob rhan o&#8217;r DU ynghyd yn ddiweddar yn y Gynhadledd Eiriolaeth Genedlaethol* yn Birmingham, a gynhaliwyd yn briodol yn ystod Wythnos Ymwybyddiaeth Eiriolaeth. Clywodd y cynrychiolwyr gan arweinwyr yn y maes, cawsant gyfle i ddysgu ac i rannu arfer gorau. Hwn oedd fy ymweliad cyntaf ac ymunodd fy nghyd Eiriolwyr Carys a Huw o d\u00eem ASC \u00e2 mi. Roedd fy nisgwyliadau cyn mynychu&#8217;r Gynhadledd yn cynnwys cael cadarnhad o bwysigrwydd r\u00f4l Eiriolaeth a hyfforddiant pellach ond dysgais lawer mwy.<\/p>\n<p>Esblygodd fy angerdd am eiriolaeth i ddechrau o swydd flaenorol fel Gweithiwr Cymorth a&#8217;r awydd i helpu pobl i gael llais. Roedd dylanwad cyfyngedig yn y r\u00f4l honno ac nid oeddwn yn ymwneud \u00e2 gwneud penderfyniadau. Mae fy r\u00f4l bresennol fel Eiriolwr Iechyd Meddwl Annibynnol (IMHA) yn rhoi&#8217;r cyfle hwnnw i mi.<\/p>\n<p>Yn y Gynhadledd dysgais gan Eiriolwyr eraill am y ffordd roedden nhw&#8217;n gweithio a oedd yn caniat\u00e1u i mi fyfyrio ar fy arferion gwaith a&#8217;m hymarfer fy hun, gan fy herio a mynd \u00e2 fi allan o fy mharth chysur. Roedd pwyslais ar &#8216;fod yn ddewr&#8217; sef cael grym ac effaith ar benderfyniadau clinigol a&#8217;r dewrder i sefyll i fyny, gwybod pryd i sefyll i fyny a phryd i ymyrryd. &#8216;Mae&#8217;n bwysig ymgyfarwyddo \u00e2 sefyllfaoedd anghyfforddus&#8217; oedd yr ymadrodd y cyfeiriwyd ato.<\/p>\n<p>Er bod holl gynnwys y Gynhadledd a&#8217;r gweithdai a fynychwyd yn werthfawr, y sesiwn mwyaf ysbrydoledig i mi oedd yr un a gyflwynwyd gan Alexis Quinn** ar Leihau Arferion Cyfyngol. Fel menyw gyda diagnosis o awtistiaeth, rhannodd Alexis ei stori am yr amser estynedig a dreuliodd ar wardiau a oedd yn ddefnyddiol fel claf ac yna wedi hynny pan ddaeth yn Eiriolwr. Y negeseuon allweddol oedd bod yn ofalus yngl\u0177n \u00e2&#8217;r defnydd o iaith a sut y gallai hynny arwain at ddiagnosis a thriniaeth anghywir nad oedd yn addas i&#8217;r claf ac angen am gariad therapiwtig &#8211; sut mae&#8217;r gweithiwr iechyd proffesiynol yno i&#8217;r cleient yn y ffordd iachaf bosibl i greu newid buddiol.<\/p>\n<p>Roedd y gynhadledd yn brofiad dysgu gwych, yn peri i rywun feddwl ac o werth nid yn unig i mi ond i&#8217;r rhai a fynychodd. Rwy&#8217;n ddiolchgar i drefnwyr y digwyddiad, y siaradwyr, y cyd-gynadleddwyr ac i ASC am roi&#8217;r cyfle i mi fynychu.<\/p>\n<p>Un pwynt olaf. Rwy&#8217;n meddwl y byddai mwy o gynrychiolaeth o Gymru, yr Alban a Gogledd Iwerddon yn ddefnyddiol mewn cynadleddau yn y dyfodol, o ystyried bod Iechyd wedi&#8217;i ddatganoli ymhlith cenhedloedd y DU. Gellid rhannu a dysgu mwy er budd pawb &#8211; Eiriolwyr, gweithwyr iechyd proffesiynol ac, yn bwysig, cleifion. Rwy&#8217;n si\u0175r y byddai ASC yn hapus i chwarae ei ran.<\/p>\n<p>Cysylltwch \u00e2 info@ascymru.org.uk<\/p>\n<p>*Cynhadledd Eiriolaeth Genedlaethol 2023, Cynnwys Llawn &#8211; Cyflwyniadau a Fideos <a href=\"https:\/\/www.blackbeltadvocacy.com\/2023-conference\">https:\/\/www.blackbeltadvocacy.com\/2023-conference<\/a> (yn Saesneg yn unig)<\/p>\n<p>**Cymdeithas Genedlaethol Awtistiaeth &#8211; Straeon o&#8217;r Sbectrwm: Alexis Quinn <a href=\"https:\/\/www.autism.org.uk\/advice-and-guidance\/stories\/stories-from-the-spectrum-alexis-quinn\">https:\/\/www.autism.org.uk\/advice-and-guidance\/stories\/stories-from-the-spectrum-alexis-quinn<\/a> (yn Saesneg yn unig)<\/p>\n<p>&nbsp;<\/p>\n<p>&nbsp;<\/p>\n\n","protected":false},"excerpt":{"rendered":"<p>Dyma Rhiannydd Edwards (2il ar y chwith yn y llun gr\u0175p), Eiriolwr Iechyd Meddwl Annibynnol yn Advocacy Support Cymru (ASC), Caerdydd yn s\u00f4n am ei phrofiadau yn y digwyddiad deuddydd Daeth eiriolwyr o bob rhan o&#8217;r DU ynghyd yn ddiweddar yn y Gynhadledd Eiriolaeth Genedlaethol* yn Birmingham, a gynhaliwyd yn briodol yn ystod Wythnos Ymwybyddiaeth&hellip;<\/p>\n","protected":false},"author":6,"featured_media":1305,"comment_status":"closed","ping_status":"closed","sticky":false,"template":"","format":"standard","meta":{"inline_featured_image":false,"footnotes":""},"categories":[9],"tags":[],"class_list":["post-1301","post","type-post","status-publish","format-standard","has-post-thumbnail","hentry","category-uncategorized-cy"],"yoast_head":"<!-- This site is optimized with the Yoast SEO plugin v26.6 - https:\/\/yoast.com\/wordpress\/plugins\/seo\/ -->\n<title>Blog: Cynhadledd Eiriolaeth Genedlaethol 2023 \u2013 Bod yn rhan o rywbeth arbennig, p\u0175er yr Eiriolwr - AS Cymru<\/title>\n<meta name=\"robots\" content=\"index, follow, max-snippet:-1, max-image-preview:large, max-video-preview:-1\" \/>\n<link rel=\"canonical\" href=\"https:\/\/ascymru.org.uk\/cy\/blog-myfyrdod-ar-y-rol-y-mae-hawliau-dynol-yn-ei-chwarae-mewn-practis-eiriolaeth-annibynnol-2\/\" \/>\n<meta property=\"og:locale\" content=\"cy_GB\" \/>\n<meta property=\"og:type\" content=\"article\" \/>\n<meta property=\"og:title\" content=\"Blog: Cynhadledd Eiriolaeth Genedlaethol 2023 \u2013 Bod yn rhan o rywbeth arbennig, p\u0175er yr Eiriolwr - AS Cymru\" \/>\n<meta property=\"og:description\" content=\"Dyma Rhiannydd Edwards (2il ar y chwith yn y llun gr\u0175p), Eiriolwr Iechyd Meddwl Annibynnol yn Advocacy Support Cymru (ASC), Caerdydd yn s\u00f4n am ei phrofiadau yn y digwyddiad deuddydd Daeth eiriolwyr o bob rhan o&#8217;r DU ynghyd yn ddiweddar yn y Gynhadledd Eiriolaeth Genedlaethol* yn Birmingham, a gynhaliwyd yn briodol yn ystod Wythnos Ymwybyddiaeth&hellip;\" \/>\n<meta property=\"og:url\" content=\"https:\/\/ascymru.org.uk\/cy\/blog-myfyrdod-ar-y-rol-y-mae-hawliau-dynol-yn-ei-chwarae-mewn-practis-eiriolaeth-annibynnol-2\/\" \/>\n<meta property=\"og:site_name\" content=\"AS Cymru\" \/>\n<meta property=\"article:published_time\" content=\"2023-11-29T10:54:48+00:00\" \/>\n<meta property=\"article:modified_time\" content=\"2025-12-18T12:44:16+00:00\" \/>\n<meta property=\"og:image\" content=\"https:\/\/ascymru.org.uk\/wp-content\/uploads\/2023\/11\/Team-ASC.jpg\" \/>\n\t<meta property=\"og:image:width\" content=\"1956\" \/>\n\t<meta property=\"og:image:height\" content=\"2048\" \/>\n\t<meta property=\"og:image:type\" content=\"image\/jpeg\" \/>\n<meta name=\"author\" content=\"Roger\" \/>\n<meta name=\"twitter:card\" content=\"summary_large_image\" \/>\n<meta name=\"twitter:label1\" content=\"Written by\" \/>\n\t<meta name=\"twitter:data1\" content=\"Roger\" \/>\n\t<meta name=\"twitter:label2\" content=\"Est. reading time\" \/>\n\t<meta name=\"twitter:data2\" content=\"4 minutes\" \/>\n<script type=\"application\/ld+json\" class=\"yoast-schema-graph\">{\"@context\":\"https:\/\/schema.org\",\"@graph\":[{\"@type\":\"WebPage\",\"@id\":\"https:\/\/ascymru.org.uk\/cy\/blog-myfyrdod-ar-y-rol-y-mae-hawliau-dynol-yn-ei-chwarae-mewn-practis-eiriolaeth-annibynnol-2\/\",\"url\":\"https:\/\/ascymru.org.uk\/cy\/blog-myfyrdod-ar-y-rol-y-mae-hawliau-dynol-yn-ei-chwarae-mewn-practis-eiriolaeth-annibynnol-2\/\",\"name\":\"Blog: Cynhadledd Eiriolaeth Genedlaethol 2023 \u2013 Bod yn rhan o rywbeth arbennig, p\u0175er yr Eiriolwr - AS Cymru\",\"isPartOf\":{\"@id\":\"https:\/\/ascymru.org.uk\/#website\"},\"primaryImageOfPage\":{\"@id\":\"https:\/\/ascymru.org.uk\/cy\/blog-myfyrdod-ar-y-rol-y-mae-hawliau-dynol-yn-ei-chwarae-mewn-practis-eiriolaeth-annibynnol-2\/#primaryimage\"},\"image\":{\"@id\":\"https:\/\/ascymru.org.uk\/cy\/blog-myfyrdod-ar-y-rol-y-mae-hawliau-dynol-yn-ei-chwarae-mewn-practis-eiriolaeth-annibynnol-2\/#primaryimage\"},\"thumbnailUrl\":\"https:\/\/ascymru.org.uk\/wp-content\/uploads\/2023\/11\/Team-ASC.jpg\",\"datePublished\":\"2023-11-29T10:54:48+00:00\",\"dateModified\":\"2025-12-18T12:44:16+00:00\",\"author\":{\"@id\":\"https:\/\/ascymru.org.uk\/#\/schema\/person\/8c26e916a92a7308a9eac37586f7c0ca\"},\"breadcrumb\":{\"@id\":\"https:\/\/ascymru.org.uk\/cy\/blog-myfyrdod-ar-y-rol-y-mae-hawliau-dynol-yn-ei-chwarae-mewn-practis-eiriolaeth-annibynnol-2\/#breadcrumb\"},\"inLanguage\":\"cy-GB\",\"potentialAction\":[{\"@type\":\"ReadAction\",\"target\":[\"https:\/\/ascymru.org.uk\/cy\/blog-myfyrdod-ar-y-rol-y-mae-hawliau-dynol-yn-ei-chwarae-mewn-practis-eiriolaeth-annibynnol-2\/\"]}]},{\"@type\":\"ImageObject\",\"inLanguage\":\"cy-GB\",\"@id\":\"https:\/\/ascymru.org.uk\/cy\/blog-myfyrdod-ar-y-rol-y-mae-hawliau-dynol-yn-ei-chwarae-mewn-practis-eiriolaeth-annibynnol-2\/#primaryimage\",\"url\":\"https:\/\/ascymru.org.uk\/wp-content\/uploads\/2023\/11\/Team-ASC.jpg\",\"contentUrl\":\"https:\/\/ascymru.org.uk\/wp-content\/uploads\/2023\/11\/Team-ASC.jpg\",\"width\":1956,\"height\":2048,\"caption\":\"Rhiannydd Edwards shown here, second from left.\"},{\"@type\":\"BreadcrumbList\",\"@id\":\"https:\/\/ascymru.org.uk\/cy\/blog-myfyrdod-ar-y-rol-y-mae-hawliau-dynol-yn-ei-chwarae-mewn-practis-eiriolaeth-annibynnol-2\/#breadcrumb\",\"itemListElement\":[{\"@type\":\"ListItem\",\"position\":1,\"name\":\"Home\",\"item\":\"https:\/\/ascymru.org.uk\/cy\/\"},{\"@type\":\"ListItem\",\"position\":2,\"name\":\"Blog: Cynhadledd Eiriolaeth Genedlaethol 2023 \u2013 Bod yn rhan o rywbeth arbennig, p\u0175er yr Eiriolwr\"}]},{\"@type\":\"WebSite\",\"@id\":\"https:\/\/ascymru.org.uk\/#website\",\"url\":\"https:\/\/ascymru.org.uk\/\",\"name\":\"AS Cymru\",\"description\":\"\",\"potentialAction\":[{\"@type\":\"SearchAction\",\"target\":{\"@type\":\"EntryPoint\",\"urlTemplate\":\"https:\/\/ascymru.org.uk\/?s={search_term_string}\"},\"query-input\":{\"@type\":\"PropertyValueSpecification\",\"valueRequired\":true,\"valueName\":\"search_term_string\"}}],\"inLanguage\":\"cy-GB\"},{\"@type\":\"Person\",\"@id\":\"https:\/\/ascymru.org.uk\/#\/schema\/person\/8c26e916a92a7308a9eac37586f7c0ca\",\"name\":\"Roger\",\"image\":{\"@type\":\"ImageObject\",\"inLanguage\":\"cy-GB\",\"@id\":\"https:\/\/ascymru.org.uk\/#\/schema\/person\/image\/\",\"url\":\"https:\/\/secure.gravatar.com\/avatar\/0d2160f37b59903c9be89ef76e0bef010878224e83bdf373710df3e292026326?s=96&d=mm&r=g\",\"contentUrl\":\"https:\/\/secure.gravatar.com\/avatar\/0d2160f37b59903c9be89ef76e0bef010878224e83bdf373710df3e292026326?s=96&d=mm&r=g\",\"caption\":\"Roger\"},\"url\":\"https:\/\/ascymru.org.uk\/cy\/author\/roger\/\"}]}<\/script>\n<!-- \/ Yoast SEO plugin. -->","yoast_head_json":{"title":"Blog: Cynhadledd Eiriolaeth Genedlaethol 2023 \u2013 Bod yn rhan o rywbeth arbennig, p\u0175er yr Eiriolwr - AS Cymru","robots":{"index":"index","follow":"follow","max-snippet":"max-snippet:-1","max-image-preview":"max-image-preview:large","max-video-preview":"max-video-preview:-1"},"canonical":"https:\/\/ascymru.org.uk\/cy\/blog-myfyrdod-ar-y-rol-y-mae-hawliau-dynol-yn-ei-chwarae-mewn-practis-eiriolaeth-annibynnol-2\/","og_locale":"cy_GB","og_type":"article","og_title":"Blog: Cynhadledd Eiriolaeth Genedlaethol 2023 \u2013 Bod yn rhan o rywbeth arbennig, p\u0175er yr Eiriolwr - AS Cymru","og_description":"Dyma Rhiannydd Edwards (2il ar y chwith yn y llun gr\u0175p), Eiriolwr Iechyd Meddwl Annibynnol yn Advocacy Support Cymru (ASC), Caerdydd yn s\u00f4n am ei phrofiadau yn y digwyddiad deuddydd Daeth eiriolwyr o bob rhan o&#8217;r DU ynghyd yn ddiweddar yn y Gynhadledd Eiriolaeth Genedlaethol* yn Birmingham, a gynhaliwyd yn briodol yn ystod Wythnos Ymwybyddiaeth&hellip;","og_url":"https:\/\/ascymru.org.uk\/cy\/blog-myfyrdod-ar-y-rol-y-mae-hawliau-dynol-yn-ei-chwarae-mewn-practis-eiriolaeth-annibynnol-2\/","og_site_name":"AS Cymru","article_published_time":"2023-11-29T10:54:48+00:00","article_modified_time":"2025-12-18T12:44:16+00:00","og_image":[{"width":1956,"height":2048,"url":"https:\/\/ascymru.org.uk\/wp-content\/uploads\/2023\/11\/Team-ASC.jpg","type":"image\/jpeg"}],"author":"Roger","twitter_card":"summary_large_image","twitter_misc":{"Written by":"Roger","Est. reading time":"4 minutes"},"schema":{"@context":"https:\/\/schema.org","@graph":[{"@type":"WebPage","@id":"https:\/\/ascymru.org.uk\/cy\/blog-myfyrdod-ar-y-rol-y-mae-hawliau-dynol-yn-ei-chwarae-mewn-practis-eiriolaeth-annibynnol-2\/","url":"https:\/\/ascymru.org.uk\/cy\/blog-myfyrdod-ar-y-rol-y-mae-hawliau-dynol-yn-ei-chwarae-mewn-practis-eiriolaeth-annibynnol-2\/","name":"Blog: Cynhadledd Eiriolaeth Genedlaethol 2023 \u2013 Bod yn rhan o rywbeth arbennig, p\u0175er yr Eiriolwr - AS Cymru","isPartOf":{"@id":"https:\/\/ascymru.org.uk\/#website"},"primaryImageOfPage":{"@id":"https:\/\/ascymru.org.uk\/cy\/blog-myfyrdod-ar-y-rol-y-mae-hawliau-dynol-yn-ei-chwarae-mewn-practis-eiriolaeth-annibynnol-2\/#primaryimage"},"image":{"@id":"https:\/\/ascymru.org.uk\/cy\/blog-myfyrdod-ar-y-rol-y-mae-hawliau-dynol-yn-ei-chwarae-mewn-practis-eiriolaeth-annibynnol-2\/#primaryimage"},"thumbnailUrl":"https:\/\/ascymru.org.uk\/wp-content\/uploads\/2023\/11\/Team-ASC.jpg","datePublished":"2023-11-29T10:54:48+00:00","dateModified":"2025-12-18T12:44:16+00:00","author":{"@id":"https:\/\/ascymru.org.uk\/#\/schema\/person\/8c26e916a92a7308a9eac37586f7c0ca"},"breadcrumb":{"@id":"https:\/\/ascymru.org.uk\/cy\/blog-myfyrdod-ar-y-rol-y-mae-hawliau-dynol-yn-ei-chwarae-mewn-practis-eiriolaeth-annibynnol-2\/#breadcrumb"},"inLanguage":"cy-GB","potentialAction":[{"@type":"ReadAction","target":["https:\/\/ascymru.org.uk\/cy\/blog-myfyrdod-ar-y-rol-y-mae-hawliau-dynol-yn-ei-chwarae-mewn-practis-eiriolaeth-annibynnol-2\/"]}]},{"@type":"ImageObject","inLanguage":"cy-GB","@id":"https:\/\/ascymru.org.uk\/cy\/blog-myfyrdod-ar-y-rol-y-mae-hawliau-dynol-yn-ei-chwarae-mewn-practis-eiriolaeth-annibynnol-2\/#primaryimage","url":"https:\/\/ascymru.org.uk\/wp-content\/uploads\/2023\/11\/Team-ASC.jpg","contentUrl":"https:\/\/ascymru.org.uk\/wp-content\/uploads\/2023\/11\/Team-ASC.jpg","width":1956,"height":2048,"caption":"Rhiannydd Edwards shown here, second from left."},{"@type":"BreadcrumbList","@id":"https:\/\/ascymru.org.uk\/cy\/blog-myfyrdod-ar-y-rol-y-mae-hawliau-dynol-yn-ei-chwarae-mewn-practis-eiriolaeth-annibynnol-2\/#breadcrumb","itemListElement":[{"@type":"ListItem","position":1,"name":"Home","item":"https:\/\/ascymru.org.uk\/cy\/"},{"@type":"ListItem","position":2,"name":"Blog: Cynhadledd Eiriolaeth Genedlaethol 2023 \u2013 Bod yn rhan o rywbeth arbennig, p\u0175er yr Eiriolwr"}]},{"@type":"WebSite","@id":"https:\/\/ascymru.org.uk\/#website","url":"https:\/\/ascymru.org.uk\/","name":"AS Cymru","description":"","potentialAction":[{"@type":"SearchAction","target":{"@type":"EntryPoint","urlTemplate":"https:\/\/ascymru.org.uk\/?s={search_term_string}"},"query-input":{"@type":"PropertyValueSpecification","valueRequired":true,"valueName":"search_term_string"}}],"inLanguage":"cy-GB"},{"@type":"Person","@id":"https:\/\/ascymru.org.uk\/#\/schema\/person\/8c26e916a92a7308a9eac37586f7c0ca","name":"Roger","image":{"@type":"ImageObject","inLanguage":"cy-GB","@id":"https:\/\/ascymru.org.uk\/#\/schema\/person\/image\/","url":"https:\/\/secure.gravatar.com\/avatar\/0d2160f37b59903c9be89ef76e0bef010878224e83bdf373710df3e292026326?s=96&d=mm&r=g","contentUrl":"https:\/\/secure.gravatar.com\/avatar\/0d2160f37b59903c9be89ef76e0bef010878224e83bdf373710df3e292026326?s=96&d=mm&r=g","caption":"Roger"},"url":"https:\/\/ascymru.org.uk\/cy\/author\/roger\/"}]}},"_links":{"self":[{"href":"https:\/\/ascymru.org.uk\/cy\/wp-json\/wp\/v2\/posts\/1301","targetHints":{"allow":["GET"]}}],"collection":[{"href":"https:\/\/ascymru.org.uk\/cy\/wp-json\/wp\/v2\/posts"}],"about":[{"href":"https:\/\/ascymru.org.uk\/cy\/wp-json\/wp\/v2\/types\/post"}],"author":[{"embeddable":true,"href":"https:\/\/ascymru.org.uk\/cy\/wp-json\/wp\/v2\/users\/6"}],"replies":[{"embeddable":true,"href":"https:\/\/ascymru.org.uk\/cy\/wp-json\/wp\/v2\/comments?post=1301"}],"version-history":[{"count":6,"href":"https:\/\/ascymru.org.uk\/cy\/wp-json\/wp\/v2\/posts\/1301\/revisions"}],"predecessor-version":[{"id":2468,"href":"https:\/\/ascymru.org.uk\/cy\/wp-json\/wp\/v2\/posts\/1301\/revisions\/2468"}],"wp:featuredmedia":[{"embeddable":true,"href":"https:\/\/ascymru.org.uk\/cy\/wp-json\/wp\/v2\/media\/1305"}],"wp:attachment":[{"href":"https:\/\/ascymru.org.uk\/cy\/wp-json\/wp\/v2\/media?parent=1301"}],"wp:term":[{"taxonomy":"category","embeddable":true,"href":"https:\/\/ascymru.org.uk\/cy\/wp-json\/wp\/v2\/categories?post=1301"},{"taxonomy":"post_tag","embeddable":true,"href":"https:\/\/ascymru.org.uk\/cy\/wp-json\/wp\/v2\/tags?post=1301"}],"curies":[{"name":"wp","href":"https:\/\/api.w.org\/{rel}","templated":true}]}}